{"id":239352,"date":"2026-08-27T10:42:35","date_gmt":"2026-08-27T08:42:35","guid":{"rendered":"https:\/\/www.carbonefarmers.com\/?p=239352"},"modified":"2026-08-27T11:45:43","modified_gmt":"2026-08-27T09:45:43","slug":"canicule-agriculture-rendements-recolte-2026","status":"publish","type":"post","link":"https:\/\/www.carbonefarmers.com\/fr_fr\/canicule-agriculture-rendements-recolte-2026\/","title":{"rendered":"L&rsquo;impact de la s\u00e9cheresse et des canicules de 2026 sur l\u2019agriculture"},"content":{"rendered":"\n<h2 class=\"wp-block-heading\"><strong><strong>L&rsquo;effet des canicules et de la s\u00e9cheresse sur la r\u00e9colte fran\u00e7ai<\/strong>se 2026<\/strong><a id=\"_msocom_1\"><\/a><\/h2>\n\n\n\n<p class=\"wp-block-paragraph\">La s\u00e9cheresse historique qui a touch\u00e9 cette ann\u00e9e l\u2019ensemble du territoire fran\u00e7ais a eu des effets d\u00e9vastateurs sur les rendements agricoles. Bilan en cette fin de mois d&rsquo;ao\u00fbt 2026, \u00e0 une semaine du d\u00e9voilement des mesures d\u00e9taill\u00e9es et du montant des aides par d\u00e9partement du <a href=\"https:\/\/agriculture.gouv.fr\/canicule-secheresse-incendies-letat-renforce-son-soutien-aux-agriculteurs\" target=\"_blank\" rel=\"noreferrer noopener\">Plan global d&rsquo;accompagnement \u00ab Canicule \u2013 S\u00e9cheresse \u2013 Incendies \u00bb (CASI)<\/a>, qui aura lieu le 3 septembre 2026.<\/p>\n\n\n\n<p class=\"wp-block-paragraph\">Apr\u00e8s un printemps peu arros\u00e9, des temp\u00e9ratures tr\u00e8s \u00e9lev\u00e9es durant l\u2019\u00e9t\u00e9 et un d\u00e9ficit de pr\u00e9cipitations (qui a atteint 70 % au mois de juillet d&rsquo;apr\u00e8s <a href=\"https:\/\/education.meteofrance.fr\/actualites\/secheresse-en-france-les-sols-nont-jamais-ete-aussi-secs-depuis-le-debut-des-mesures\" target=\"_blank\" rel=\"noreferrer noopener\">M\u00e9t\u00e9o-France<\/a>), l\u2019ampleur des cons\u00e9quences sur les sols et les productions agricoles commence \u00e0 se mesurer &#8211; d\u2019autant plus que les moissons et les premi\u00e8res r\u00e9coltes sont termin\u00e9es.<\/p>\n\n\n\n<figure class=\"wp-block-image aligncenter size-large is-resized has-custom-border is-style-default\"><img fetchpriority=\"high\" decoding=\"async\" width=\"1024\" height=\"681\" src=\"https:\/\/www.carbonefarmers.com\/wp-content\/uploads\/2026\/08\/secheresses-sols-agricoles-1024x681.webp\" alt=\"un agricole sol sec et craquel\u00e9\" class=\"wp-image-239355\" style=\"border-top-left-radius:21px;border-top-right-radius:21px;border-bottom-left-radius:21px;border-bottom-right-radius:21px;aspect-ratio:1.503702706341726;width:508px;height:auto\" srcset=\"https:\/\/www.carbonefarmers.com\/wp-content\/uploads\/2026\/08\/secheresses-sols-agricoles-1024x681.webp 1024w, https:\/\/www.carbonefarmers.com\/wp-content\/uploads\/2026\/08\/secheresses-sols-agricoles-300x200.webp 300w, https:\/\/www.carbonefarmers.com\/wp-content\/uploads\/2026\/08\/secheresses-sols-agricoles-767x510.webp 767w, https:\/\/www.carbonefarmers.com\/wp-content\/uploads\/2026\/08\/secheresses-sols-agricoles-1536x1022.webp 1536w, https:\/\/www.carbonefarmers.com\/wp-content\/uploads\/2026\/08\/secheresses-sols-agricoles-18x12.webp 18w, https:\/\/www.carbonefarmers.com\/wp-content\/uploads\/2026\/08\/secheresses-sols-agricoles.webp 1920w\" sizes=\"(max-width: 1024px) 100vw, 1024px\" \/><\/figure>\n\n\n\n<div style=\"height:25px\" aria-hidden=\"true\" class=\"wp-block-spacer\"><\/div>\n\n\n\n<h2 class=\"wp-block-heading\"><strong><strong>Cons\u00e9quences de la s\u00e9cheresse sur les c\u00e9r\u00e9ales \u00e0 paille : bl\u00e9, orge<\/strong><\/strong><a id=\"_msocom_1\"><\/a><\/h2>\n\n\n\n<p class=\"wp-block-paragraph\">Tout d\u2019abord, on peut noter que toutes les cultures n\u2019ont pas \u00e9t\u00e9 touch\u00e9es de la m\u00eame mani\u00e8re.<\/p>\n\n\n\n<p class=\"wp-block-paragraph\">Les c\u00e9r\u00e9ales \u00e0 paille ont moins souffert que d\u2019autres r\u00e9coltes, car souvent sem\u00e9es plus t\u00f4t dans l\u2019ann\u00e9e (en automne-hiver). C&rsquo;est notamment le cas du bl\u00e9 tendre d&rsquo;hiver, habituellement sem\u00e9 autour d&rsquo;octobre-novembre,  et du bl\u00e9 dur, sem\u00e9 encore plus t\u00f4t, entre ao\u00fbt et octobre.<\/p>\n\n\n\n<p class=\"wp-block-paragraph\">De son c\u00f4t\u00e9, la production d&rsquo;orge d&rsquo;hiver a \u00e9t\u00e9 s\u00e9curis\u00e9e, tant au niveau des rendements qui ne diminuent \u00ab\u00a0que\u00a0\u00bb de 6 % environ (avec une moyenne \u00e0 <a href=\"https:\/\/www.pleinchamp.com\/actualite\/moisson-2026-les-rendements-des-cereales-a-paille-en-baisse-mais-une-qualite-prometteuse\" target=\"_blank\" rel=\"noreferrer noopener\">65,5 q\/ha cette ann\u00e9e contre 70,0 q\/ha en 2025<\/a>), qu&rsquo;au niveau de la qualit\u00e9, avec de bons taux prot\u00e9iques et de poids des grains. <em>A contrario<\/em>, l\u2019orge de printemps, qui conna\u00eet par ailleurs une nette diminution de ses surfaces cultiv\u00e9es en France, a davantage subi les al\u00e9as m\u00e9t\u00e9orologiques. En cause : un semis plus tardif cette ann\u00e9e,&nbsp;des conditions d&rsquo;implantation peu optimales et une faible disponibilit\u00e9 en eau au cours du cycle v\u00e9g\u00e9tatif.<\/p>\n\n\n\n<p class=\"wp-block-paragraph\">Enfin, les r\u00e9coltes de bl\u00e9 tendre et de bl\u00e9 dur fran\u00e7ais pr\u00e9sentent de petites baisses de rendement (-12 % \u00e0 -6 %), mais les grains restent de bonne \u00e0 tr\u00e8s bonne qualit\u00e9. Les premi\u00e8res analyses montrent des poids sp\u00e9cifiques (PS) tr\u00e8s \u00e9lev\u00e9s&nbsp;et une teneur en prot\u00e9ines importante. \u00c0 noter que, si la teneur en eau des grains \u00e0 la r\u00e9colte est particuli\u00e8rement basse &#8211; ce qui en fait un atout, elle implique aussi une baisse m\u00e9canique du rendement.<\/p>\n\n\n\n<div style=\"height:25px\" aria-hidden=\"true\" class=\"wp-block-spacer\"><\/div>\n\n\n\n<h2 class=\"wp-block-heading\"><strong><strong>Les cultures de printemps frapp\u00e9es de plein fou<\/strong>et par la s\u00e9cheresse<\/strong><\/h2>\n\n\n\n<p class=\"wp-block-paragraph\">Les baisses de rendement sont plus critiques pour les cultures de printemps telles que le ma\u00efs, le tournesol, le soja ou les pommes de terre. <strong>Cela s\u2019explique par le fait que les phases sensibles de leur cycle de d\u00e9veloppement (floraison, remplissage des grains ou des tubercules) sont tomb\u00e9es durant les canicules r\u00e9p\u00e9t\u00e9es de juin, juillet et ao\u00fbt<\/strong>.<\/p>\n\n\n\n<ul class=\"wp-block-list\">\n<li><strong>Le tournesol<\/strong> devrait conna\u00eetre cette ann\u00e9e son <a href=\"https:\/\/www.reussir.fr\/grandes-cultures\/secheresse-2026-une-perte-de-20-30-de-rendement-prevoir-en-tournesol\" target=\"_blank\" rel=\"noreferrer noopener\">rendement le plus bas depuis 1980<\/a>, estim\u00e9 \u00e0 18,1 q\/ha, soit 12,6 % de moins qu&rsquo;en 2025 et 20,2 % de moins que la moyenne 2021-2025. Sa r\u00e9colte s&rsquo;ach\u00e8vera fin septembre, et affinera ces estimations.<\/li>\n\n\n\n<li><strong>Le ma\u00efs grain<\/strong> conna\u00eet quant \u00e0 lui une baisse de rendement. Les premi\u00e8res estimations publi\u00e9es par l&rsquo;Agreste d\u00e9but ao\u00fbt mentionnaient une baisse de l&rsquo;ordre de 19 % par rapport \u00e0 l&rsquo;ann\u00e9e derni\u00e8re, ce qui en fait un niveau qui n&rsquo;avait plus \u00e9t\u00e9 atteint depuis 2003. S&rsquo;ajoutant \u00e0 cela la <a href=\"https:\/\/www.terre-net.fr\/mais-grain\/article\/902065\/recolte-2026-les-estimations-de-rendements-en-mais-grain-par-departement\" target=\"_blank\" rel=\"noreferrer noopener\">diminution des surfaces cultiv\u00e9es<\/a> (-21 % en un an), la production de ma\u00efs grain fran\u00e7aise n&rsquo;avait pas atteint des seuils aussi bas depuis longtemps.<\/li>\n\n\n\n<li><strong>Le soja<\/strong> devrait \u00eatre concern\u00e9 par une <a href=\"https:\/\/www.reussir.fr\/ladepeche\/soja-francais-et-secheresse-2026-le-rendement-deja-bien-degrade-va-dependre-des-averses-dans-les\" target=\"_blank\" rel=\"noreferrer noopener\">baisse de rendement de l&rsquo;ordre de 24 %<\/a> (19,3 q\/ha contre 26,4 q\/ha en 2025), d&rsquo;apr\u00e8s Agreste au 1er ao\u00fbt, avec toutefois une hausse des surfaces cultiv\u00e9es. Cette chute de rendement concerne m\u00eame les parcelles irrigu\u00e9es. Les prochaines semaines devraient \u00eatre d\u00e9cisives pour l&rsquo;issue de la r\u00e9colte, en esp\u00e9rant des pr\u00e9cipitations suppl\u00e9mentaires.<\/li>\n\n\n\n<li><strong>La betterave<\/strong>, dont l&rsquo;arrachage commence bient\u00f4t, risque aussi une chute de rendement de pr\u00e8s de 14 %. Avec les pertes de surfaces en plus, la production risque de baisser de pr\u00e8s de 20 %, <a href=\"https:\/\/www.pleinchamp.com\/actualite\/secheresse-vers-une-baisse-de-20-de-la-production-de-betteraves-sucrieres\" target=\"_blank\" rel=\"noreferrer noopener\">ce qui alerte grandement la fili\u00e8re<\/a>.<\/li>\n\n\n\n<li>Enfin, les producteurs de <strong>pommes de terre craignent d&rsquo;atteindre les rendements les plus bas depuis 30 ans<\/strong>. Cela pourrait mener \u00e0 une <a href=\"https:\/\/www.reussir.fr\/grandes-cultures\/pommes-de-terre-et-secheresse-la-production-francaise-pourrait-chuter-de-pres-de-25-en-2026\" target=\"_blank\" rel=\"noreferrer noopener\">baisse de la production nationale de pr\u00e8s de 25 %<\/a> en 2026 par rapport \u00e0 2025, qui \u00e9tait une ann\u00e9e particuli\u00e8rement record. Ce retournement brusque alarme l\u2019ensemble de la cha\u00eene de valeur, autant les producteurs et productrices qui avaient bascul\u00e9 vers davantage de contractualisation, que l&rsquo;aval de la cha\u00eene de valeur, notamment les transformateurs, qui vont devoir s&rsquo;adapter \u00e0 une baisse des volumes disponibles et une taille des pommes de terres inf\u00e9rieure \u00e0 la normale.<\/li>\n<\/ul>\n\n\n\n<div style=\"height:25px\" aria-hidden=\"true\" class=\"wp-block-spacer\"><\/div>\n\n\n\n<h2 class=\"wp-block-heading\"><strong>Une r\u00e9colte mara\u00eech\u00e8re compliqu\u00e9e, les producteurs bretons tirent la sonnette d&rsquo;alarme<\/strong><\/h2>\n\n\n\n<p class=\"wp-block-paragraph\">Le constat du c\u00f4t\u00e9 des fruits et <a href=\"https:\/\/www.paysan-breton.fr\/2026\/08\/secheresse-la-bretagne-a-sec-les-tresoreries-suivent\/\" target=\"_blank\" rel=\"noreferrer noopener\">l\u00e9gumes<\/a> est inqui\u00e9tant lui aussi.<\/p>\n\n\n\n<p class=\"wp-block-paragraph\">D&rsquo;apr\u00e8s <a href=\"https:\/\/www.radiofrance.fr\/francebleu\/podcasts\/l-info-d-ici-ici-breizh-izel\/la-crise-actuelle-est-historique-les-productions-des-maraichers-bretons-en-chute-libre-entre-secheresse-et-canicule-8018820\" target=\"_blank\" rel=\"noreferrer noopener\">Prince de Bretagne<\/a>, marque qui rassemble 3 coop\u00e9ratives bretonnes majeures, la Chambre d&rsquo;agriculture de Bretagne, ou encore la coop\u00e9rative Eureden, les rendements attendus sont en baisse, parfois drastique, pour bon nombre de productions : la<a href=\"https:\/\/www.lafranceagricole.fr\/secheresse\/amp\/article\/902119\/secheresse-des-pertes-de-15-a-100-chez-les-legumiers-bretons\" target=\"_blank\" rel=\"noreferrer noopener\"> baisse de rendement pour les artichauts<\/a> serait de -50 \u00e0 -100 %, les brocolis -60 %, les choux-fleurs -20 % et jusqu&rsquo;\u00e0 -100 % pour les parcelles non irrigu\u00e9es, les salades -35 %, les petits pois -35 %, les oignons -30 \u00e0 &#8211; 35%, les courgettes -25 %. Cependant, comme la Bretagne est un bassin de production majeur de la plupart de ces l\u00e9gumes (elle repr\u00e9sente pr\u00e8s de 82% de la production nationale de choux-fleurs et reste le bassin historique des artichauts), ces chiffres sont repr\u00e9sentatifs \u00e0 l&rsquo;\u00e9chelle fran\u00e7aise mais ne sont pas encore les statistiques nationales officielles.<\/p>\n\n\n\n<p class=\"wp-block-paragraph\"><\/p>\n\n\n\n<p class=\"wp-block-paragraph\">Aux baisses de rendements s\u2019ajoutent par ailleurs des <a href=\"https:\/\/www.letemps.ch\/monde\/france\/les-francais-vont-devoir-s-habituer-a-des-legumes-plus-moches-a-cause-des-secheresses\" target=\"_blank\" rel=\"noreferrer noopener\">alt\u00e9rations visuelles<\/a> : carottes et courgettes tordues, pommes de terre de petite taille, etc. Sur les \u00e9tals, les consommateurs seront d\u00e9j\u00e0 confront\u00e9s \u00e0 des l\u00e9gumes d&rsquo;habitude destin\u00e9s \u00e0 la transformation.<\/p>\n\n\n\n<div style=\"height:25px\" aria-hidden=\"true\" class=\"wp-block-spacer\"><\/div>\n\n\n\n<h2 class=\"wp-block-heading\"><strong>Chaleur, manque d&rsquo;eau et p\u00e9nurie de fourrages affectent les \u00e9levages<\/strong><\/h2>\n\n\n\n<p class=\"wp-block-paragraph\">Enfin, les cultures ne sont pas les seules \u00e0 avoir \u00e9t\u00e9 impact\u00e9es par les canicules. <a href=\"https:\/\/www.ouest-france.fr\/economie\/agriculture\/secheresse-mortalite-animale-production-laitiere-la-chambre-dagriculture-de-la-manche-dresse-le-bilan-apres-lete-63e2a2ce-9fc9-11f1-b6b2-5710555c207e\" target=\"_blank\" rel=\"noreferrer noopener\">Les \u00e9levages ont souffert<\/a> de la chaleur, impliquant, entre autres, des baisses de production laiti\u00e8re, des perturbations de la reproduction et une surmortalit\u00e9, notamment en \u00e9levage avicole.<\/p>\n\n\n\n<p class=\"wp-block-paragraph\">La canicule et les s\u00e9cheresses ont en effet affect\u00e9 la croissance de l\u2019herbe. En syst\u00e8mes herbagers (particuli\u00e8rement en \u00e9levage bovin), les \u00e9leveurs et \u00e9leveuses ont d\u00e9j\u00e0 commenc\u00e9 \u00e0 pr\u00e9lever dans leurs stocks de fourrage et d\u2019ensilage, \u00e0 cause des p\u00e2turages trop maigres, ce qui ne pr\u00e9sage rien de bon pour le reste de l\u2019ann\u00e9e.<\/p>\n\n\n\n<figure class=\"wp-block-image aligncenter size-full is-resized has-custom-border\"><img decoding=\"async\" width=\"1920\" height=\"1280\" src=\"https:\/\/www.carbonefarmers.com\/wp-content\/uploads\/2026\/08\/secheresse-elevages-impact.webp\" alt=\"des vaches brunes qui p\u00e2turent une prairie s\u00e8che\" class=\"wp-image-239361\" style=\"border-style:none;border-width:0px;border-top-left-radius:21px;border-top-right-radius:21px;border-bottom-left-radius:21px;border-bottom-right-radius:21px;aspect-ratio:1.5000146485805526;width:604px;height:auto\" srcset=\"https:\/\/www.carbonefarmers.com\/wp-content\/uploads\/2026\/08\/secheresse-elevages-impact.webp 1920w, https:\/\/www.carbonefarmers.com\/wp-content\/uploads\/2026\/08\/secheresse-elevages-impact-300x200.webp 300w, https:\/\/www.carbonefarmers.com\/wp-content\/uploads\/2026\/08\/secheresse-elevages-impact-768x512.webp 768w, https:\/\/www.carbonefarmers.com\/wp-content\/uploads\/2026\/08\/secheresse-elevages-impact-1024x683.webp 1024w, https:\/\/www.carbonefarmers.com\/wp-content\/uploads\/2026\/08\/secheresse-elevages-impact-1536x1024.webp 1536w, https:\/\/www.carbonefarmers.com\/wp-content\/uploads\/2026\/08\/secheresse-elevages-impact-18x12.webp 18w\" sizes=\"(max-width: 1920px) 100vw, 1920px\" \/><\/figure>\n\n\n\n<div style=\"height:25px\" aria-hidden=\"true\" class=\"wp-block-spacer\"><\/div>\n\n\n\n<h2 class=\"wp-block-heading\"><strong><strong>Pourquoi lutter contre le changement climatique est non seulement urgent, mais vital<\/strong><\/strong><\/h2>\n\n\n\n<p class=\"wp-block-paragraph\"><strong>Cet \u00e9pisode particuli\u00e8rement difficile nous rappelle que le changement climatique est la premi\u00e8re cause des canicules et des s\u00e9cheresses associ\u00e9es<\/strong>, notamment \u00e0 cause de l&rsquo;augmentation de l&rsquo;effet de serre et donc des temp\u00e9ratures globales. Et une fois de plus, cela souligne l&rsquo;importance de lutter contre, pour \u00e9viter la multiplication de ces \u00e9v\u00e9nements extr\u00eames \u00e0 l&rsquo;avenir.<\/p>\n\n\n\n<p class=\"wp-block-paragraph\">L&rsquo;accompagnement que nous proposons chez <a href=\"https:\/\/www.carbonefarmers.com\/fr_fr\/cooperatives-et-transition-agricole\/\" target=\"_blank\" rel=\"noreferrer noopener\">Carbone Farmers<\/a> permet de financer la transition bas-carbone d&rsquo;exploitations agricoles afin de mettre en place des <a href=\"https:\/\/www.carbonefarmers.com\/fr_fr\/agriculture-regeneratrice-et-agriculture-bas-carbone-complementaires-ou-concurrentes\/\" target=\"_blank\" rel=\"noreferrer noopener\">pratiques d&rsquo;agriculture r\u00e9g\u00e9n\u00e9ratrice<\/a>. Pratiques qui sont d&rsquo;autant plus int\u00e9ressantes qu&rsquo;elles permettent d&rsquo;am\u00e9liorer le bilan carbone des productions agricoles, mais surtout de <strong>r\u00e9g\u00e9n\u00e9rer les sols agricoles, les rendant ainsi plus r\u00e9silients aux al\u00e9as climatiques<\/strong>.<\/p>\n\n\n\n<div style=\"height:25px\" aria-hidden=\"true\" class=\"wp-block-spacer\"><\/div>\n\n\n\n<div class=\"wp-block-buttons is-layout-flex wp-block-buttons-is-layout-flex\">\n<div class=\"wp-block-button\"><a class=\"wp-block-button__link has-background has-medium-font-size has-custom-font-size wp-element-button\" href=\"https:\/\/calendly.com\/marguerite-gobbi-carbonefarmers\/30min\" style=\"background-color:#529a38;box-shadow:var(--wp--preset--shadow--sharp)\" target=\"_blank\" rel=\"noreferrer noopener\">Contactez-nous !<\/a><\/div>\n<\/div>\n\n\n\n<div style=\"height:25px\" aria-hidden=\"true\" class=\"wp-block-spacer\"><\/div>\n\n\n\n<p class=\"wp-block-paragraph\"><\/p>\n","protected":false},"excerpt":{"rendered":"<p>L&rsquo;\u00e9levage est responsable de la majorit\u00e9 des \u00e9missions de GES fran\u00e7aises. Retour sur les sp\u00e9cificit\u00e9s de l&rsquo;\u00e9levage bovin et les possibilit\u00e9s de d\u00e9carbonation de ses fili\u00e8res.<\/p>\n","protected":false},"author":1,"featured_media":239371,"comment_status":"closed","ping_status":"open","sticky":false,"template":"","format":"standard","meta":{"_acf_changed":false,"inline_featured_image":false,"footnotes":""},"categories":[16],"tags":[],"post_folder":[],"class_list":["post-239352","post","type-post","status-publish","format-standard","has-post-thumbnail","hentry","category-agronomie"],"acf":[],"yoast_head":"<!-- This site is optimized with the Yoast SEO plugin v28.4 - https:\/\/yoast.com\/product\/yoast-seo-wordpress\/ -->\n<title>L&#039;impact de la s\u00e9cheresse et des canicules de 2026 sur l\u2019agriculture<\/title>\n<meta name=\"description\" content=\"Quels impacts ont eu les canicules et la s\u00e9cheresse de 2026 sur l&#039;agriculture fran\u00e7aise, notamment sur les rendements et la production ?\" \/>\n<meta name=\"robots\" content=\"index, follow, max-snippet:-1, max-image-preview:large, max-video-preview:-1\" \/>\n<link rel=\"canonical\" href=\"https:\/\/www.carbonefarmers.com\/fr_fr\/canicule-agriculture-rendements-recolte-2026\/\" \/>\n<meta property=\"og:locale\" content=\"fr_FR\" \/>\n<meta property=\"og:type\" content=\"article\" \/>\n<meta property=\"og:title\" content=\"L&#039;impact de la s\u00e9cheresse et des canicules de 2026 sur l\u2019agriculture\" \/>\n<meta property=\"og:description\" content=\"Quels impacts ont eu les canicules et la s\u00e9cheresse de 2026 sur l&#039;agriculture fran\u00e7aise, notamment sur les rendements et la production ?\" \/>\n<meta property=\"og:url\" content=\"https:\/\/www.carbonefarmers.com\/fr_fr\/canicule-agriculture-rendements-recolte-2026\/\" \/>\n<meta property=\"og:site_name\" content=\"Carbone Farmers\" \/>\n<meta property=\"article:published_time\" content=\"2026-08-27T08:42:35+00:00\" \/>\n<meta property=\"article:modified_time\" content=\"2026-08-27T09:45:43+00:00\" \/>\n<meta property=\"og:image\" content=\"https:\/\/www.carbonefarmers.com\/wp-content\/uploads\/2026\/08\/impact-secheresse-agriculture-elevage-rendements.webp\" \/>\n\t<meta property=\"og:image:width\" content=\"1920\" \/>\n\t<meta property=\"og:image:height\" content=\"1080\" \/>\n\t<meta property=\"og:image:type\" content=\"image\/webp\" \/>\n<meta name=\"author\" content=\"Carbone-Farmers\" \/>\n<meta name=\"twitter:card\" content=\"summary_large_image\" \/>\n<meta name=\"twitter:creator\" content=\"@Carbone-Farmers\" \/>\n<meta name=\"twitter:label1\" content=\"\u00c9crit par\" \/>\n\t<meta name=\"twitter:data1\" content=\"Carbone-Farmers\" \/>\n\t<meta name=\"twitter:label2\" content=\"Dur\u00e9e de lecture estim\u00e9e\" \/>\n\t<meta name=\"twitter:data2\" content=\"7 minutes\" \/>\n<script type=\"application\/ld+json\" class=\"yoast-schema-graph\">{\"@context\":\"https:\\\/\\\/schema.org\",\"@graph\":[{\"@type\":[\"Article\",\"BlogPosting\"],\"@id\":\"https:\\\/\\\/www.carbonefarmers.com\\\/canicule-agriculture-rendements-recolte-2026\\\/#article\",\"isPartOf\":{\"@id\":\"https:\\\/\\\/www.carbonefarmers.com\\\/canicule-agriculture-rendements-recolte-2026\\\/\"},\"author\":{\"name\":\"Carbone-Farmers\",\"@id\":\"https:\\\/\\\/www.carbonefarmers.com\\\/#\\\/schema\\\/person\\\/fa402d096a8ff756351add78214bda6d\"},\"headline\":\"L&rsquo;impact de la s\u00e9cheresse et des canicules de 2026 sur l\u2019agriculture\",\"datePublished\":\"2026-08-27T08:42:35+00:00\",\"dateModified\":\"2026-08-27T09:45:43+00:00\",\"mainEntityOfPage\":{\"@id\":\"https:\\\/\\\/www.carbonefarmers.com\\\/canicule-agriculture-rendements-recolte-2026\\\/\"},\"wordCount\":1334,\"publisher\":{\"@id\":\"https:\\\/\\\/www.carbonefarmers.com\\\/#organization\"},\"image\":{\"@id\":\"https:\\\/\\\/www.carbonefarmers.com\\\/canicule-agriculture-rendements-recolte-2026\\\/#primaryimage\"},\"thumbnailUrl\":\"https:\\\/\\\/www.carbonefarmers.com\\\/wp-content\\\/uploads\\\/2026\\\/08\\\/impact-secheresse-agriculture-elevage-rendements.webp\",\"articleSection\":[\"Agronomie\"],\"inLanguage\":\"fr-FR\"},{\"@type\":\"WebPage\",\"@id\":\"https:\\\/\\\/www.carbonefarmers.com\\\/canicule-agriculture-rendements-recolte-2026\\\/\",\"url\":\"https:\\\/\\\/www.carbonefarmers.com\\\/canicule-agriculture-rendements-recolte-2026\\\/\",\"name\":\"L'impact de la s\u00e9cheresse et des canicules de 2026 sur l\u2019agriculture\",\"isPartOf\":{\"@id\":\"https:\\\/\\\/www.carbonefarmers.com\\\/#website\"},\"primaryImageOfPage\":{\"@id\":\"https:\\\/\\\/www.carbonefarmers.com\\\/canicule-agriculture-rendements-recolte-2026\\\/#primaryimage\"},\"image\":{\"@id\":\"https:\\\/\\\/www.carbonefarmers.com\\\/canicule-agriculture-rendements-recolte-2026\\\/#primaryimage\"},\"thumbnailUrl\":\"https:\\\/\\\/www.carbonefarmers.com\\\/wp-content\\\/uploads\\\/2026\\\/08\\\/impact-secheresse-agriculture-elevage-rendements.webp\",\"datePublished\":\"2026-08-27T08:42:35+00:00\",\"dateModified\":\"2026-08-27T09:45:43+00:00\",\"description\":\"Quels impacts ont eu les canicules et la s\u00e9cheresse de 2026 sur l'agriculture fran\u00e7aise, notamment sur les rendements et la production ?\",\"breadcrumb\":{\"@id\":\"https:\\\/\\\/www.carbonefarmers.com\\\/canicule-agriculture-rendements-recolte-2026\\\/#breadcrumb\"},\"inLanguage\":\"fr-FR\",\"potentialAction\":[{\"@type\":\"ReadAction\",\"target\":[\"https:\\\/\\\/www.carbonefarmers.com\\\/canicule-agriculture-rendements-recolte-2026\\\/\"]}]},{\"@type\":\"ImageObject\",\"inLanguage\":\"fr-FR\",\"@id\":\"https:\\\/\\\/www.carbonefarmers.com\\\/canicule-agriculture-rendements-recolte-2026\\\/#primaryimage\",\"url\":\"https:\\\/\\\/www.carbonefarmers.com\\\/wp-content\\\/uploads\\\/2026\\\/08\\\/impact-secheresse-agriculture-elevage-rendements.webp\",\"contentUrl\":\"https:\\\/\\\/www.carbonefarmers.com\\\/wp-content\\\/uploads\\\/2026\\\/08\\\/impact-secheresse-agriculture-elevage-rendements.webp\",\"width\":1920,\"height\":1080,\"caption\":\"sol sec avec des pailles\"},{\"@type\":\"BreadcrumbList\",\"@id\":\"https:\\\/\\\/www.carbonefarmers.com\\\/canicule-agriculture-rendements-recolte-2026\\\/#breadcrumb\",\"itemListElement\":[{\"@type\":\"ListItem\",\"position\":1,\"name\":\"Accueil\",\"item\":\"https:\\\/\\\/www.carbonefarmers.com\\\/\"},{\"@type\":\"ListItem\",\"position\":2,\"name\":\"Agronomie\",\"item\":\"https:\\\/\\\/www.carbonefarmers.com\\\/category\\\/agronomie\\\/\"},{\"@type\":\"ListItem\",\"position\":3,\"name\":\"L&rsquo;impact de la s\u00e9cheresse et des canicules de 2026 sur l\u2019agriculture\"}]},{\"@type\":\"WebSite\",\"@id\":\"https:\\\/\\\/www.carbonefarmers.com\\\/#website\",\"url\":\"https:\\\/\\\/www.carbonefarmers.com\\\/\",\"name\":\"Carbone Farmers\",\"description\":\"Nous accompagnons l\u2019ensemble de la cha\u00eene de valeur agricole vers un mod\u00e8le plus durable.\",\"publisher\":{\"@id\":\"https:\\\/\\\/www.carbonefarmers.com\\\/#organization\"},\"potentialAction\":[{\"@type\":\"SearchAction\",\"target\":{\"@type\":\"EntryPoint\",\"urlTemplate\":\"https:\\\/\\\/www.carbonefarmers.com\\\/?s={search_term_string}\"},\"query-input\":{\"@type\":\"PropertyValueSpecification\",\"valueRequired\":true,\"valueName\":\"search_term_string\"}}],\"inLanguage\":\"fr-FR\"},{\"@type\":\"Organization\",\"@id\":\"https:\\\/\\\/www.carbonefarmers.com\\\/#organization\",\"name\":\"Carbone Farmers\",\"url\":\"https:\\\/\\\/www.carbonefarmers.com\\\/\",\"logo\":{\"@type\":\"ImageObject\",\"inLanguage\":\"fr-FR\",\"@id\":\"https:\\\/\\\/www.carbonefarmers.com\\\/#\\\/schema\\\/logo\\\/image\\\/\",\"url\":\"https:\\\/\\\/www.carbonefarmers.com\\\/wp-content\\\/uploads\\\/2023\\\/02\\\/Logo-Horizontal-fond-Transparent-adapte-pour-fond-clair-Carbone-Farmers-scaled-e1768491766101.png\",\"contentUrl\":\"https:\\\/\\\/www.carbonefarmers.com\\\/wp-content\\\/uploads\\\/2023\\\/02\\\/Logo-Horizontal-fond-Transparent-adapte-pour-fond-clair-Carbone-Farmers-scaled-e1768491766101.png\",\"width\":1702,\"height\":516,\"caption\":\"Carbone Farmers\"},\"image\":{\"@id\":\"https:\\\/\\\/www.carbonefarmers.com\\\/#\\\/schema\\\/logo\\\/image\\\/\"},\"sameAs\":[\"https:\\\/\\\/www.linkedin.com\\\/company\\\/carbone-farmers\"]},{\"@type\":\"Person\",\"@id\":\"https:\\\/\\\/www.carbonefarmers.com\\\/#\\\/schema\\\/person\\\/fa402d096a8ff756351add78214bda6d\",\"name\":\"Carbone-Farmers\",\"image\":{\"@type\":\"ImageObject\",\"inLanguage\":\"fr-FR\",\"@id\":\"https:\\\/\\\/secure.gravatar.com\\\/avatar\\\/cc1e2248c2e605a8540aa194e165946a431e134c803e2c3df9308aaa99fd13d6?s=96&d=mm&r=g\",\"url\":\"https:\\\/\\\/secure.gravatar.com\\\/avatar\\\/cc1e2248c2e605a8540aa194e165946a431e134c803e2c3df9308aaa99fd13d6?s=96&d=mm&r=g\",\"contentUrl\":\"https:\\\/\\\/secure.gravatar.com\\\/avatar\\\/cc1e2248c2e605a8540aa194e165946a431e134c803e2c3df9308aaa99fd13d6?s=96&d=mm&r=g\",\"caption\":\"Carbone-Farmers\"},\"sameAs\":[\"http:\\\/\\\/www.carbonefarmers.com\",\"https:\\\/\\\/www.linkedin.com\\\/company\\\/carbone-farmers\\\/\",\"https:\\\/\\\/x.com\\\/Carbone-Farmers\"],\"url\":\"https:\\\/\\\/www.carbonefarmers.com\\\/fr_fr\\\/author\\\/carbone-farmers\\\/\"}]}<\/script>\n<!-- \/ Yoast SEO plugin. -->","yoast_head_json":{"title":"L'impact de la s\u00e9cheresse et des canicules de 2026 sur l\u2019agriculture","description":"Quels impacts ont eu les canicules et la s\u00e9cheresse de 2026 sur l'agriculture fran\u00e7aise, notamment sur les rendements et la production ?","robots":{"index":"index","follow":"follow","max-snippet":"max-snippet:-1","max-image-preview":"max-image-preview:large","max-video-preview":"max-video-preview:-1"},"canonical":"https:\/\/www.carbonefarmers.com\/fr_fr\/canicule-agriculture-rendements-recolte-2026\/","og_locale":"fr_FR","og_type":"article","og_title":"L'impact de la s\u00e9cheresse et des canicules de 2026 sur l\u2019agriculture","og_description":"Quels impacts ont eu les canicules et la s\u00e9cheresse de 2026 sur l'agriculture fran\u00e7aise, notamment sur les rendements et la production ?","og_url":"https:\/\/www.carbonefarmers.com\/fr_fr\/canicule-agriculture-rendements-recolte-2026\/","og_site_name":"Carbone Farmers","article_published_time":"2026-08-27T08:42:35+00:00","article_modified_time":"2026-08-27T09:45:43+00:00","og_image":[{"width":1920,"height":1080,"url":"https:\/\/www.carbonefarmers.com\/wp-content\/uploads\/2026\/08\/impact-secheresse-agriculture-elevage-rendements.webp","type":"image\/webp"}],"author":"Carbone-Farmers","twitter_card":"summary_large_image","twitter_creator":"@Carbone-Farmers","twitter_misc":{"\u00c9crit par":"Carbone-Farmers","Dur\u00e9e de lecture estim\u00e9e":"7 minutes"},"schema":{"@context":"https:\/\/schema.org","@graph":[{"@type":["Article","BlogPosting"],"@id":"https:\/\/www.carbonefarmers.com\/canicule-agriculture-rendements-recolte-2026\/#article","isPartOf":{"@id":"https:\/\/www.carbonefarmers.com\/canicule-agriculture-rendements-recolte-2026\/"},"author":{"name":"Carbone-Farmers","@id":"https:\/\/www.carbonefarmers.com\/#\/schema\/person\/fa402d096a8ff756351add78214bda6d"},"headline":"L&rsquo;impact de la s\u00e9cheresse et des canicules de 2026 sur l\u2019agriculture","datePublished":"2026-08-27T08:42:35+00:00","dateModified":"2026-08-27T09:45:43+00:00","mainEntityOfPage":{"@id":"https:\/\/www.carbonefarmers.com\/canicule-agriculture-rendements-recolte-2026\/"},"wordCount":1334,"publisher":{"@id":"https:\/\/www.carbonefarmers.com\/#organization"},"image":{"@id":"https:\/\/www.carbonefarmers.com\/canicule-agriculture-rendements-recolte-2026\/#primaryimage"},"thumbnailUrl":"https:\/\/www.carbonefarmers.com\/wp-content\/uploads\/2026\/08\/impact-secheresse-agriculture-elevage-rendements.webp","articleSection":["Agronomie"],"inLanguage":"fr-FR"},{"@type":"WebPage","@id":"https:\/\/www.carbonefarmers.com\/canicule-agriculture-rendements-recolte-2026\/","url":"https:\/\/www.carbonefarmers.com\/canicule-agriculture-rendements-recolte-2026\/","name":"L'impact de la s\u00e9cheresse et des canicules de 2026 sur l\u2019agriculture","isPartOf":{"@id":"https:\/\/www.carbonefarmers.com\/#website"},"primaryImageOfPage":{"@id":"https:\/\/www.carbonefarmers.com\/canicule-agriculture-rendements-recolte-2026\/#primaryimage"},"image":{"@id":"https:\/\/www.carbonefarmers.com\/canicule-agriculture-rendements-recolte-2026\/#primaryimage"},"thumbnailUrl":"https:\/\/www.carbonefarmers.com\/wp-content\/uploads\/2026\/08\/impact-secheresse-agriculture-elevage-rendements.webp","datePublished":"2026-08-27T08:42:35+00:00","dateModified":"2026-08-27T09:45:43+00:00","description":"Quels impacts ont eu les canicules et la s\u00e9cheresse de 2026 sur l'agriculture fran\u00e7aise, notamment sur les rendements et la production ?","breadcrumb":{"@id":"https:\/\/www.carbonefarmers.com\/canicule-agriculture-rendements-recolte-2026\/#breadcrumb"},"inLanguage":"fr-FR","potentialAction":[{"@type":"ReadAction","target":["https:\/\/www.carbonefarmers.com\/canicule-agriculture-rendements-recolte-2026\/"]}]},{"@type":"ImageObject","inLanguage":"fr-FR","@id":"https:\/\/www.carbonefarmers.com\/canicule-agriculture-rendements-recolte-2026\/#primaryimage","url":"https:\/\/www.carbonefarmers.com\/wp-content\/uploads\/2026\/08\/impact-secheresse-agriculture-elevage-rendements.webp","contentUrl":"https:\/\/www.carbonefarmers.com\/wp-content\/uploads\/2026\/08\/impact-secheresse-agriculture-elevage-rendements.webp","width":1920,"height":1080,"caption":"sol sec avec des pailles"},{"@type":"BreadcrumbList","@id":"https:\/\/www.carbonefarmers.com\/canicule-agriculture-rendements-recolte-2026\/#breadcrumb","itemListElement":[{"@type":"ListItem","position":1,"name":"Accueil","item":"https:\/\/www.carbonefarmers.com\/"},{"@type":"ListItem","position":2,"name":"Agronomie","item":"https:\/\/www.carbonefarmers.com\/category\/agronomie\/"},{"@type":"ListItem","position":3,"name":"L&rsquo;impact de la s\u00e9cheresse et des canicules de 2026 sur l\u2019agriculture"}]},{"@type":"WebSite","@id":"https:\/\/www.carbonefarmers.com\/#website","url":"https:\/\/www.carbonefarmers.com\/","name":"Carbone Farmers","description":"Nous accompagnons l\u2019ensemble de la cha\u00eene de valeur agricole vers un mod\u00e8le plus durable.","publisher":{"@id":"https:\/\/www.carbonefarmers.com\/#organization"},"potentialAction":[{"@type":"SearchAction","target":{"@type":"EntryPoint","urlTemplate":"https:\/\/www.carbonefarmers.com\/?s={search_term_string}"},"query-input":{"@type":"PropertyValueSpecification","valueRequired":true,"valueName":"search_term_string"}}],"inLanguage":"fr-FR"},{"@type":"Organization","@id":"https:\/\/www.carbonefarmers.com\/#organization","name":"Carbone Farmers","url":"https:\/\/www.carbonefarmers.com\/","logo":{"@type":"ImageObject","inLanguage":"fr-FR","@id":"https:\/\/www.carbonefarmers.com\/#\/schema\/logo\/image\/","url":"https:\/\/www.carbonefarmers.com\/wp-content\/uploads\/2023\/02\/Logo-Horizontal-fond-Transparent-adapte-pour-fond-clair-Carbone-Farmers-scaled-e1768491766101.png","contentUrl":"https:\/\/www.carbonefarmers.com\/wp-content\/uploads\/2023\/02\/Logo-Horizontal-fond-Transparent-adapte-pour-fond-clair-Carbone-Farmers-scaled-e1768491766101.png","width":1702,"height":516,"caption":"Carbone Farmers"},"image":{"@id":"https:\/\/www.carbonefarmers.com\/#\/schema\/logo\/image\/"},"sameAs":["https:\/\/www.linkedin.com\/company\/carbone-farmers"]},{"@type":"Person","@id":"https:\/\/www.carbonefarmers.com\/#\/schema\/person\/fa402d096a8ff756351add78214bda6d","name":"Carbone-Farmers","image":{"@type":"ImageObject","inLanguage":"fr-FR","@id":"https:\/\/secure.gravatar.com\/avatar\/cc1e2248c2e605a8540aa194e165946a431e134c803e2c3df9308aaa99fd13d6?s=96&d=mm&r=g","url":"https:\/\/secure.gravatar.com\/avatar\/cc1e2248c2e605a8540aa194e165946a431e134c803e2c3df9308aaa99fd13d6?s=96&d=mm&r=g","contentUrl":"https:\/\/secure.gravatar.com\/avatar\/cc1e2248c2e605a8540aa194e165946a431e134c803e2c3df9308aaa99fd13d6?s=96&d=mm&r=g","caption":"Carbone-Farmers"},"sameAs":["http:\/\/www.carbonefarmers.com","https:\/\/www.linkedin.com\/company\/carbone-farmers\/","https:\/\/x.com\/Carbone-Farmers"],"url":"https:\/\/www.carbonefarmers.com\/fr_fr\/author\/carbone-farmers\/"}]}},"_links":{"self":[{"href":"https:\/\/www.carbonefarmers.com\/fr_fr\/wp-json\/wp\/v2\/posts\/239352","targetHints":{"allow":["GET"]}}],"collection":[{"href":"https:\/\/www.carbonefarmers.com\/fr_fr\/wp-json\/wp\/v2\/posts"}],"about":[{"href":"https:\/\/www.carbonefarmers.com\/fr_fr\/wp-json\/wp\/v2\/types\/post"}],"author":[{"embeddable":true,"href":"https:\/\/www.carbonefarmers.com\/fr_fr\/wp-json\/wp\/v2\/users\/1"}],"replies":[{"embeddable":true,"href":"https:\/\/www.carbonefarmers.com\/fr_fr\/wp-json\/wp\/v2\/comments?post=239352"}],"version-history":[{"count":10,"href":"https:\/\/www.carbonefarmers.com\/fr_fr\/wp-json\/wp\/v2\/posts\/239352\/revisions"}],"predecessor-version":[{"id":239365,"href":"https:\/\/www.carbonefarmers.com\/fr_fr\/wp-json\/wp\/v2\/posts\/239352\/revisions\/239365"}],"wp:featuredmedia":[{"embeddable":true,"href":"https:\/\/www.carbonefarmers.com\/fr_fr\/wp-json\/wp\/v2\/media\/239371"}],"wp:attachment":[{"href":"https:\/\/www.carbonefarmers.com\/fr_fr\/wp-json\/wp\/v2\/media?parent=239352"}],"wp:term":[{"taxonomy":"category","embeddable":true,"href":"https:\/\/www.carbonefarmers.com\/fr_fr\/wp-json\/wp\/v2\/categories?post=239352"},{"taxonomy":"post_tag","embeddable":true,"href":"https:\/\/www.carbonefarmers.com\/fr_fr\/wp-json\/wp\/v2\/tags?post=239352"},{"taxonomy":"post_folder","embeddable":true,"href":"https:\/\/www.carbonefarmers.com\/fr_fr\/wp-json\/wp\/v2\/post_folder?post=239352"}],"curies":[{"name":"wp","href":"https:\/\/api.w.org\/{rel}","templated":true}]}}